{"id":467,"date":"2026-03-27T10:51:27","date_gmt":"2026-03-27T10:51:27","guid":{"rendered":"https:\/\/lamarcotte.fr\/?p=467"},"modified":"2026-03-27T11:25:13","modified_gmt":"2026-03-27T11:25:13","slug":"la-marcotte-a-la-foire-internationale-de-rouen","status":"publish","type":"post","link":"https:\/\/lamarcotte.fr\/index.php\/2026\/03\/27\/la-marcotte-a-la-foire-internationale-de-rouen\/","title":{"rendered":"\ud83c\udf89 La Marcotte est pr\u00e9sente \u00e0 la Foire Internationale de Rouen !"},"content":{"rendered":"<style>.kb-row-layout-id467_73e4d2-00 > .kt-row-column-wrap{align-content:start;}:where(.kb-row-layout-id467_73e4d2-00 > .kt-row-column-wrap) > .wp-block-kadence-column{justify-content:start;}.kb-row-layout-id467_73e4d2-00 > .kt-row-column-wrap{column-gap:var(--global-kb-gap-md, 2rem);row-gap:var(--global-kb-gap-md, 2rem);padding-top:var(--global-kb-spacing-sm, 1.5rem);padding-bottom:var(--global-kb-spacing-sm, 1.5rem);grid-template-columns:minmax(0, 1fr);}.kb-row-layout-id467_73e4d2-00 > .kt-row-layout-overlay{opacity:0.30;}@media all and (max-width: 1024px){.kb-row-layout-id467_73e4d2-00 > .kt-row-column-wrap{grid-template-columns:minmax(0, 1fr);}}@media all and (max-width: 767px){.kb-row-layout-id467_73e4d2-00 > .kt-row-column-wrap{grid-template-columns:minmax(0, 1fr);}}<\/style><div class=\"kb-row-layout-wrap kb-row-layout-id467_73e4d2-00 alignnone wp-block-kadence-rowlayout\"><div class=\"kt-row-column-wrap kt-has-1-columns kt-row-layout-equal kt-tab-layout-inherit kt-mobile-layout-row kt-row-valign-top\">\n<style>.kadence-column467_4542a4-74 > .kt-inside-inner-col,.kadence-column467_4542a4-74 > .kt-inside-inner-col:before{border-top-left-radius:0px;border-top-right-radius:0px;border-bottom-right-radius:0px;border-bottom-left-radius:0px;}.kadence-column467_4542a4-74 > .kt-inside-inner-col{column-gap:var(--global-kb-gap-sm, 1rem);}.kadence-column467_4542a4-74 > .kt-inside-inner-col{flex-direction:column;}.kadence-column467_4542a4-74 > .kt-inside-inner-col > .aligncenter{width:100%;}.kadence-column467_4542a4-74 > .kt-inside-inner-col:before{opacity:0.3;}.kadence-column467_4542a4-74{position:relative;}@media all and (max-width: 1024px){.kadence-column467_4542a4-74 > .kt-inside-inner-col{flex-direction:column;justify-content:center;}}@media all and (max-width: 767px){.kadence-column467_4542a4-74 > .kt-inside-inner-col{flex-direction:column;justify-content:center;}}<\/style>\n<div class=\"wp-block-kadence-column kadence-column467_4542a4-74\"><div class=\"kt-inside-inner-col\">\n<h1 class=\"wp-block-heading has-text-align-center has-larger-font-size\">\ud83c\udf89 La Marcotte est pr\u00e9sente \u00e0 la Foire Internationale de Rouen !<\/h1>\n\n\n\n<p>Nous sommes heureux d\u2019annoncer notre pr\u00e9sence au salon d\u00e8s aujourd\u2019hui et jusqu\u2019au 31 mars pour pr\u00e9senter nos activit\u00e9s, nos engagements et une s\u00e9lection unique d\u2019objets vintage issue de notre recyclerie.<\/p>\n<\/div><\/div>\n\n<\/div><\/div>\n\n<style>.kb-row-layout-id467_43eaae-57 > .kt-row-column-wrap{align-content:start;}:where(.kb-row-layout-id467_43eaae-57 > .kt-row-column-wrap) > .wp-block-kadence-column{justify-content:start;}.kb-row-layout-id467_43eaae-57 > .kt-row-column-wrap{column-gap:var(--global-kb-gap-md, 2rem);row-gap:var(--global-kb-gap-md, 2rem);padding-top:var(--global-kb-spacing-sm, 1.5rem);padding-bottom:var(--global-kb-spacing-sm, 1.5rem);grid-template-columns:minmax(0, 1fr);}.kb-row-layout-id467_43eaae-57{border-top-left-radius:12px;border-top-right-radius:12px;border-bottom-right-radius:12px;border-bottom-left-radius:12px;overflow:clip;isolation:isolate;}.kb-row-layout-id467_43eaae-57 > .kt-row-layout-overlay{border-top-left-radius:12px;border-top-right-radius:12px;border-bottom-right-radius:12px;border-bottom-left-radius:12px;}.kb-row-layout-id467_43eaae-57{border-top:1px solid var(--global-palette10, #3182CE);border-right:1px solid var(--global-palette10, #3182CE);border-bottom:1px solid var(--global-palette10, #3182CE);border-left:1px solid var(--global-palette10, #3182CE);}.kb-row-layout-id467_43eaae-57 > .kt-row-layout-overlay{opacity:0.30;}@media all and (max-width: 1024px){.kb-row-layout-id467_43eaae-57 > .kt-row-column-wrap{grid-template-columns:minmax(0, 1fr);}}@media all and (max-width: 1024px){.kb-row-layout-id467_43eaae-57{border-top:1px solid var(--global-palette10, #3182CE);border-right:1px solid var(--global-palette10, #3182CE);border-bottom:1px solid var(--global-palette10, #3182CE);border-left:1px solid var(--global-palette10, #3182CE);}}@media all and (max-width: 767px){.kb-row-layout-id467_43eaae-57 > .kt-row-column-wrap{grid-template-columns:minmax(0, 1fr);}.kb-row-layout-id467_43eaae-57{border-top:1px solid var(--global-palette10, #3182CE);border-right:1px solid var(--global-palette10, #3182CE);border-bottom:1px solid var(--global-palette10, #3182CE);border-left:1px solid var(--global-palette10, #3182CE);}}<\/style><div class=\"kb-row-layout-wrap kb-row-layout-id467_43eaae-57 alignnone wp-block-kadence-rowlayout\"><div class=\"kt-row-column-wrap kt-has-1-columns kt-row-layout-equal kt-tab-layout-inherit kt-mobile-layout-row kt-row-valign-top\">\n<style>.kadence-column467_bb6670-12 > .kt-inside-inner-col,.kadence-column467_bb6670-12 > .kt-inside-inner-col:before{border-top-left-radius:0px;border-top-right-radius:0px;border-bottom-right-radius:0px;border-bottom-left-radius:0px;}.kadence-column467_bb6670-12 > .kt-inside-inner-col{column-gap:var(--global-kb-gap-sm, 1rem);}.kadence-column467_bb6670-12 > .kt-inside-inner-col{flex-direction:column;}.kadence-column467_bb6670-12 > .kt-inside-inner-col > .aligncenter{width:100%;}.kadence-column467_bb6670-12 > .kt-inside-inner-col:before{opacity:0.3;}.kadence-column467_bb6670-12{position:relative;}@media all and (max-width: 1024px){.kadence-column467_bb6670-12 > .kt-inside-inner-col{flex-direction:column;justify-content:center;}}@media all and (max-width: 767px){.kadence-column467_bb6670-12 > .kt-inside-inner-col{flex-direction:column;justify-content:center;}}<\/style>\n<div class=\"wp-block-kadence-column kadence-column467_bb6670-12\"><div class=\"kt-inside-inner-col\">\n<p style=\"padding-right:var(--wp--preset--spacing--40);padding-left:var(--wp--preset--spacing--40)\">\u00c0 partir d\u2019aujourd\u2019hui et jusqu\u2019au <strong>31 mars<\/strong>, La Marcotte participe \u00e0 la <strong>Foire Internationale de Rouen<\/strong>.<br>Nous avons le plaisir de vous accueillir <strong>Hall 8 \u2013 Stand B05<\/strong> pour vous pr\u00e9senter notre structure, nos valeurs et l\u2019ensemble de nos activit\u00e9s solidaires.<\/p>\n\n\n\n<p style=\"padding-right:var(--wp--preset--spacing--40);padding-left:var(--wp--preset--spacing--40)\">Sur notre stand, vous pourrez d\u00e9couvrir :<\/p>\n\n\n\n<ul class=\"wp-block-list\">\n<li>notre recyclerie et son fonctionnement,<br>nos services : atelier bois, espaces verts, conciergerie, snack-bar,<\/li>\n\n\n\n<li>notre d\u00e9marche d\u2019insertion par l\u2019activit\u00e9 \u00e9conomique.<\/li>\n<\/ul>\n\n\n\n<p style=\"padding-right:var(--wp--preset--spacing--40);padding-left:var(--wp--preset--spacing--40)\">\ud83c\udfb6 <strong>Et pour c\u00e9l\u00e9brer le th\u00e8me 80\u201390 du salon<\/strong>, nous avons s\u00e9lectionn\u00e9 pour vous une s\u00e9rie d\u2019objets r\u00e9tro, de vinyles et de v\u00eatements vintage issus de notre recyclerie.<br>Ces pi\u00e8ces uniques sont <strong>en vente directement sur le stand<\/strong> !<\/p>\n\n\n\n<p style=\"padding-right:var(--wp--preset--spacing--40);padding-left:var(--wp--preset--spacing--40)\">Nous serons ravis de rencontrer visiteurs, professionnels, partenaires et curieux souhaitant mieux comprendre les missions de La Marcotte et notre engagement au service du territoire.<\/p>\n\n\n\n<p style=\"padding-right:var(--wp--preset--spacing--40);padding-left:var(--wp--preset--spacing--40)\">\ud83d\udccd <strong>Hall 8 \u2013 Stand B05<\/strong><br>\ud83d\udcc5 Jusqu\u2019au 31 mars<br>\ud83d\udc49 Nous vous attendons nombreuses et nombreux !<\/p>\n<\/div><\/div>\n\n<\/div><\/div>\n\n\n<figure class=\"wp-block-image size-full\"><a href=\"https:\/\/www.facebook.com\/profile.php?id=61551602361534&amp;sk\" target=\"_blank\" rel=\" noreferrer noopener\"><img loading=\"lazy\" decoding=\"async\" width=\"940\" height=\"788\" src=\"https:\/\/lamarcotte.fr\/wp-content\/uploads\/2026\/03\/foire-internationale-Facebook.png\" alt=\"La Marcotte \u00e0 la Foire Internationale de Rouen du 27 au 31 Mars hall 8 Stand B05\" class=\"wp-image-468\" srcset=\"https:\/\/lamarcotte.fr\/wp-content\/uploads\/2026\/03\/foire-internationale-Facebook.png 940w, https:\/\/lamarcotte.fr\/wp-content\/uploads\/2026\/03\/foire-internationale-Facebook-300x251.png 300w, https:\/\/lamarcotte.fr\/wp-content\/uploads\/2026\/03\/foire-internationale-Facebook-768x644.png 768w\" sizes=\"auto, (max-width: 940px) 100vw, 940px\" \/><\/a><\/figure>\n","protected":false},"excerpt":{"rendered":"<p>\ud83c\udf89 La Marcotte est pr\u00e9sente \u00e0 la Foire Internationale de Rouen ! Nous sommes heureux d\u2019annoncer notre pr\u00e9sence au salon d\u00e8s aujourd\u2019hui et jusqu\u2019au 31 mars pour pr\u00e9senter nos activit\u00e9s, nos engagements et une s\u00e9lection unique d\u2019objets vintage issue de notre recyclerie. \u00c0 partir d\u2019aujourd\u2019hui et jusqu\u2019au 31 mars, La Marcotte participe \u00e0 la Foire&#8230;<\/p>\n","protected":false},"author":1,"featured_media":468,"comment_status":"open","ping_status":"open","sticky":false,"template":"","format":"standard","meta":{"_kadence_starter_templates_imported_post":false,"_kad_post_transparent":"","_kad_post_title":"hide","_kad_post_layout":"","_kad_post_sidebar_id":"","_kad_post_content_style":"","_kad_post_vertical_padding":"","_kad_post_feature":"","_kad_post_feature_position":"","_kad_post_header":false,"_kad_post_footer":false,"_kad_post_classname":"","footnotes":""},"categories":[8,7],"tags":[],"class_list":["post-467","post","type-post","status-publish","format-standard","has-post-thumbnail","hentry","category-la-vie-de-la-marcotte","category-nos-evenements"],"yoast_head":"<!-- This site is optimized with the Yoast SEO plugin v27.4 - https:\/\/yoast.com\/product\/yoast-seo-wordpress\/ -->\n<title>La Marcotte \u00e0 la foire internationale de Rouen<\/title>\n<meta name=\"description\" content=\"\u00c0 partir du 27 mars et jusqu&#039;au 31 Mars La Marcotte \u00e0 la foire internationale de Rouen rejoignez nous hall 8 stand B05. Nous vous attendons\" \/>\n<meta name=\"robots\" content=\"index, follow, max-snippet:-1, max-image-preview:large, max-video-preview:-1\" \/>\n<link rel=\"canonical\" href=\"https:\/\/lamarcotte.fr\/index.php\/2026\/03\/27\/la-marcotte-a-la-foire-internationale-de-rouen\/\" \/>\n<meta property=\"og:locale\" content=\"fr_FR\" \/>\n<meta property=\"og:type\" content=\"article\" \/>\n<meta property=\"og:title\" content=\"La Marcotte \u00e0 la foire internationale de Rouen\" \/>\n<meta property=\"og:description\" content=\"\u00c0 partir du 27 mars et jusqu&#039;au 31 Mars La Marcotte \u00e0 la foire internationale de Rouen rejoignez nous hall 8 stand B05. Nous vous attendons\" \/>\n<meta property=\"og:url\" content=\"https:\/\/lamarcotte.fr\/index.php\/2026\/03\/27\/la-marcotte-a-la-foire-internationale-de-rouen\/\" \/>\n<meta property=\"og:site_name\" content=\"La Marcotte\" \/>\n<meta property=\"article:publisher\" content=\"https:\/\/www.facebook.com\/profile.php?id=61551602361534&amp;sk\" \/>\n<meta property=\"article:published_time\" content=\"2026-03-27T10:51:27+00:00\" \/>\n<meta property=\"article:modified_time\" content=\"2026-03-27T11:25:13+00:00\" \/>\n<meta property=\"og:image\" content=\"https:\/\/lamarcotte.fr\/wp-content\/uploads\/2026\/03\/foire-internationale-Facebook.png\" \/>\n\t<meta property=\"og:image:width\" content=\"940\" \/>\n\t<meta property=\"og:image:height\" content=\"788\" \/>\n\t<meta property=\"og:image:type\" content=\"image\/png\" \/>\n<meta name=\"author\" content=\"Isabelle\" \/>\n<meta name=\"twitter:card\" content=\"summary_large_image\" \/>\n<meta name=\"twitter:label1\" content=\"\u00c9crit par\" \/>\n\t<meta name=\"twitter:data1\" content=\"Isabelle\" \/>\n\t<meta name=\"twitter:label2\" content=\"Dur\u00e9e de lecture estim\u00e9e\" \/>\n\t<meta name=\"twitter:data2\" content=\"2 minutes\" \/>\n<script type=\"application\/ld+json\" class=\"yoast-schema-graph\">{\"@context\":\"https:\\\/\\\/schema.org\",\"@graph\":[{\"@type\":\"Article\",\"@id\":\"https:\\\/\\\/lamarcotte.fr\\\/index.php\\\/2026\\\/03\\\/27\\\/la-marcotte-a-la-foire-internationale-de-rouen\\\/#article\",\"isPartOf\":{\"@id\":\"https:\\\/\\\/lamarcotte.fr\\\/index.php\\\/2026\\\/03\\\/27\\\/la-marcotte-a-la-foire-internationale-de-rouen\\\/\"},\"author\":{\"name\":\"Isabelle\",\"@id\":\"https:\\\/\\\/lamarcotte.fr\\\/#\\\/schema\\\/person\\\/fd9117b4ab7881f750bf024cfd8d703b\"},\"headline\":\"\ud83c\udf89 La Marcotte est pr\u00e9sente \u00e0 la Foire Internationale de Rouen !\",\"datePublished\":\"2026-03-27T10:51:27+00:00\",\"dateModified\":\"2026-03-27T11:25:13+00:00\",\"mainEntityOfPage\":{\"@id\":\"https:\\\/\\\/lamarcotte.fr\\\/index.php\\\/2026\\\/03\\\/27\\\/la-marcotte-a-la-foire-internationale-de-rouen\\\/\"},\"wordCount\":211,\"commentCount\":0,\"publisher\":{\"@id\":\"https:\\\/\\\/lamarcotte.fr\\\/#organization\"},\"image\":{\"@id\":\"https:\\\/\\\/lamarcotte.fr\\\/index.php\\\/2026\\\/03\\\/27\\\/la-marcotte-a-la-foire-internationale-de-rouen\\\/#primaryimage\"},\"thumbnailUrl\":\"https:\\\/\\\/lamarcotte.fr\\\/wp-content\\\/uploads\\\/2026\\\/03\\\/foire-internationale-Facebook.png\",\"articleSection\":[\"La vie de la Marcotte\",\"Nos \u00e9v\u00e9nements\"],\"inLanguage\":\"fr-FR\",\"potentialAction\":[{\"@type\":\"CommentAction\",\"name\":\"Comment\",\"target\":[\"https:\\\/\\\/lamarcotte.fr\\\/index.php\\\/2026\\\/03\\\/27\\\/la-marcotte-a-la-foire-internationale-de-rouen\\\/#respond\"]}]},{\"@type\":\"WebPage\",\"@id\":\"https:\\\/\\\/lamarcotte.fr\\\/index.php\\\/2026\\\/03\\\/27\\\/la-marcotte-a-la-foire-internationale-de-rouen\\\/\",\"url\":\"https:\\\/\\\/lamarcotte.fr\\\/index.php\\\/2026\\\/03\\\/27\\\/la-marcotte-a-la-foire-internationale-de-rouen\\\/\",\"name\":\"La Marcotte \u00e0 la foire internationale de Rouen\",\"isPartOf\":{\"@id\":\"https:\\\/\\\/lamarcotte.fr\\\/#website\"},\"primaryImageOfPage\":{\"@id\":\"https:\\\/\\\/lamarcotte.fr\\\/index.php\\\/2026\\\/03\\\/27\\\/la-marcotte-a-la-foire-internationale-de-rouen\\\/#primaryimage\"},\"image\":{\"@id\":\"https:\\\/\\\/lamarcotte.fr\\\/index.php\\\/2026\\\/03\\\/27\\\/la-marcotte-a-la-foire-internationale-de-rouen\\\/#primaryimage\"},\"thumbnailUrl\":\"https:\\\/\\\/lamarcotte.fr\\\/wp-content\\\/uploads\\\/2026\\\/03\\\/foire-internationale-Facebook.png\",\"datePublished\":\"2026-03-27T10:51:27+00:00\",\"dateModified\":\"2026-03-27T11:25:13+00:00\",\"description\":\"\u00c0 partir du 27 mars et jusqu'au 31 Mars La Marcotte \u00e0 la foire internationale de Rouen rejoignez nous hall 8 stand B05. Nous vous attendons\",\"breadcrumb\":{\"@id\":\"https:\\\/\\\/lamarcotte.fr\\\/index.php\\\/2026\\\/03\\\/27\\\/la-marcotte-a-la-foire-internationale-de-rouen\\\/#breadcrumb\"},\"inLanguage\":\"fr-FR\",\"potentialAction\":[{\"@type\":\"ReadAction\",\"target\":[\"https:\\\/\\\/lamarcotte.fr\\\/index.php\\\/2026\\\/03\\\/27\\\/la-marcotte-a-la-foire-internationale-de-rouen\\\/\"]}]},{\"@type\":\"ImageObject\",\"inLanguage\":\"fr-FR\",\"@id\":\"https:\\\/\\\/lamarcotte.fr\\\/index.php\\\/2026\\\/03\\\/27\\\/la-marcotte-a-la-foire-internationale-de-rouen\\\/#primaryimage\",\"url\":\"https:\\\/\\\/lamarcotte.fr\\\/wp-content\\\/uploads\\\/2026\\\/03\\\/foire-internationale-Facebook.png\",\"contentUrl\":\"https:\\\/\\\/lamarcotte.fr\\\/wp-content\\\/uploads\\\/2026\\\/03\\\/foire-internationale-Facebook.png\",\"width\":940,\"height\":788,\"caption\":\"La Marcotte \u00e0 la Foire Internationale de Rouen\"},{\"@type\":\"BreadcrumbList\",\"@id\":\"https:\\\/\\\/lamarcotte.fr\\\/index.php\\\/2026\\\/03\\\/27\\\/la-marcotte-a-la-foire-internationale-de-rouen\\\/#breadcrumb\",\"itemListElement\":[{\"@type\":\"ListItem\",\"position\":1,\"name\":\"Accueil\",\"item\":\"https:\\\/\\\/lamarcotte.fr\\\/\"},{\"@type\":\"ListItem\",\"position\":2,\"name\":\"\ud83c\udf89 La Marcotte est pr\u00e9sente \u00e0 la Foire Internationale de Rouen !\"}]},{\"@type\":\"WebSite\",\"@id\":\"https:\\\/\\\/lamarcotte.fr\\\/#website\",\"url\":\"https:\\\/\\\/lamarcotte.fr\\\/\",\"name\":\"La Marcotte\",\"description\":\"La Marcotte : des services pour vous, des emplois pour tous.\",\"publisher\":{\"@id\":\"https:\\\/\\\/lamarcotte.fr\\\/#organization\"},\"potentialAction\":[{\"@type\":\"SearchAction\",\"target\":{\"@type\":\"EntryPoint\",\"urlTemplate\":\"https:\\\/\\\/lamarcotte.fr\\\/?s={search_term_string}\"},\"query-input\":{\"@type\":\"PropertyValueSpecification\",\"valueRequired\":true,\"valueName\":\"search_term_string\"}}],\"inLanguage\":\"fr-FR\"},{\"@type\":\"Organization\",\"@id\":\"https:\\\/\\\/lamarcotte.fr\\\/#organization\",\"name\":\"La Marcotte\",\"alternateName\":\"La Marcotte\",\"url\":\"https:\\\/\\\/lamarcotte.fr\\\/\",\"logo\":{\"@type\":\"ImageObject\",\"inLanguage\":\"fr-FR\",\"@id\":\"https:\\\/\\\/lamarcotte.fr\\\/#\\\/schema\\\/logo\\\/image\\\/\",\"url\":\"https:\\\/\\\/lamarcotte.fr\\\/wp-content\\\/uploads\\\/2026\\\/03\\\/cropped-cropped-LOGOMARCOTTE.png\",\"contentUrl\":\"https:\\\/\\\/lamarcotte.fr\\\/wp-content\\\/uploads\\\/2026\\\/03\\\/cropped-cropped-LOGOMARCOTTE.png\",\"width\":453,\"height\":458,\"caption\":\"La Marcotte\"},\"image\":{\"@id\":\"https:\\\/\\\/lamarcotte.fr\\\/#\\\/schema\\\/logo\\\/image\\\/\"},\"sameAs\":[\"https:\\\/\\\/www.facebook.com\\\/profile.php?id=61551602361534&sk\",\"https:\\\/\\\/www.instagram.com\\\/lamarcotte.ebe\"]},{\"@type\":\"Person\",\"@id\":\"https:\\\/\\\/lamarcotte.fr\\\/#\\\/schema\\\/person\\\/fd9117b4ab7881f750bf024cfd8d703b\",\"name\":\"Isabelle\",\"image\":{\"@type\":\"ImageObject\",\"inLanguage\":\"fr-FR\",\"@id\":\"https:\\\/\\\/secure.gravatar.com\\\/avatar\\\/e44deb1ef92925f93ea394884196805bdd12038ac4afb4b5600e41ec1b946551?s=96&d=mm&r=g\",\"url\":\"https:\\\/\\\/secure.gravatar.com\\\/avatar\\\/e44deb1ef92925f93ea394884196805bdd12038ac4afb4b5600e41ec1b946551?s=96&d=mm&r=g\",\"contentUrl\":\"https:\\\/\\\/secure.gravatar.com\\\/avatar\\\/e44deb1ef92925f93ea394884196805bdd12038ac4afb4b5600e41ec1b946551?s=96&d=mm&r=g\",\"caption\":\"Isabelle\"},\"sameAs\":[\"http:\\\/\\\/suqltop.cluster121.hosting.ovh.net\"],\"url\":\"https:\\\/\\\/lamarcotte.fr\\\/index.php\\\/author\\\/admin9981\\\/\"}]}<\/script>\n<!-- \/ Yoast SEO plugin. -->","yoast_head_json":{"title":"La Marcotte \u00e0 la foire internationale de Rouen","description":"\u00c0 partir du 27 mars et jusqu'au 31 Mars La Marcotte \u00e0 la foire internationale de Rouen rejoignez nous hall 8 stand B05. Nous vous attendons","robots":{"index":"index","follow":"follow","max-snippet":"max-snippet:-1","max-image-preview":"max-image-preview:large","max-video-preview":"max-video-preview:-1"},"canonical":"https:\/\/lamarcotte.fr\/index.php\/2026\/03\/27\/la-marcotte-a-la-foire-internationale-de-rouen\/","og_locale":"fr_FR","og_type":"article","og_title":"La Marcotte \u00e0 la foire internationale de Rouen","og_description":"\u00c0 partir du 27 mars et jusqu'au 31 Mars La Marcotte \u00e0 la foire internationale de Rouen rejoignez nous hall 8 stand B05. Nous vous attendons","og_url":"https:\/\/lamarcotte.fr\/index.php\/2026\/03\/27\/la-marcotte-a-la-foire-internationale-de-rouen\/","og_site_name":"La Marcotte","article_publisher":"https:\/\/www.facebook.com\/profile.php?id=61551602361534&sk","article_published_time":"2026-03-27T10:51:27+00:00","article_modified_time":"2026-03-27T11:25:13+00:00","og_image":[{"width":940,"height":788,"url":"https:\/\/lamarcotte.fr\/wp-content\/uploads\/2026\/03\/foire-internationale-Facebook.png","type":"image\/png"}],"author":"Isabelle","twitter_card":"summary_large_image","twitter_misc":{"\u00c9crit par":"Isabelle","Dur\u00e9e de lecture estim\u00e9e":"2 minutes"},"schema":{"@context":"https:\/\/schema.org","@graph":[{"@type":"Article","@id":"https:\/\/lamarcotte.fr\/index.php\/2026\/03\/27\/la-marcotte-a-la-foire-internationale-de-rouen\/#article","isPartOf":{"@id":"https:\/\/lamarcotte.fr\/index.php\/2026\/03\/27\/la-marcotte-a-la-foire-internationale-de-rouen\/"},"author":{"name":"Isabelle","@id":"https:\/\/lamarcotte.fr\/#\/schema\/person\/fd9117b4ab7881f750bf024cfd8d703b"},"headline":"\ud83c\udf89 La Marcotte est pr\u00e9sente \u00e0 la Foire Internationale de Rouen !","datePublished":"2026-03-27T10:51:27+00:00","dateModified":"2026-03-27T11:25:13+00:00","mainEntityOfPage":{"@id":"https:\/\/lamarcotte.fr\/index.php\/2026\/03\/27\/la-marcotte-a-la-foire-internationale-de-rouen\/"},"wordCount":211,"commentCount":0,"publisher":{"@id":"https:\/\/lamarcotte.fr\/#organization"},"image":{"@id":"https:\/\/lamarcotte.fr\/index.php\/2026\/03\/27\/la-marcotte-a-la-foire-internationale-de-rouen\/#primaryimage"},"thumbnailUrl":"https:\/\/lamarcotte.fr\/wp-content\/uploads\/2026\/03\/foire-internationale-Facebook.png","articleSection":["La vie de la Marcotte","Nos \u00e9v\u00e9nements"],"inLanguage":"fr-FR","potentialAction":[{"@type":"CommentAction","name":"Comment","target":["https:\/\/lamarcotte.fr\/index.php\/2026\/03\/27\/la-marcotte-a-la-foire-internationale-de-rouen\/#respond"]}]},{"@type":"WebPage","@id":"https:\/\/lamarcotte.fr\/index.php\/2026\/03\/27\/la-marcotte-a-la-foire-internationale-de-rouen\/","url":"https:\/\/lamarcotte.fr\/index.php\/2026\/03\/27\/la-marcotte-a-la-foire-internationale-de-rouen\/","name":"La Marcotte \u00e0 la foire internationale de Rouen","isPartOf":{"@id":"https:\/\/lamarcotte.fr\/#website"},"primaryImageOfPage":{"@id":"https:\/\/lamarcotte.fr\/index.php\/2026\/03\/27\/la-marcotte-a-la-foire-internationale-de-rouen\/#primaryimage"},"image":{"@id":"https:\/\/lamarcotte.fr\/index.php\/2026\/03\/27\/la-marcotte-a-la-foire-internationale-de-rouen\/#primaryimage"},"thumbnailUrl":"https:\/\/lamarcotte.fr\/wp-content\/uploads\/2026\/03\/foire-internationale-Facebook.png","datePublished":"2026-03-27T10:51:27+00:00","dateModified":"2026-03-27T11:25:13+00:00","description":"\u00c0 partir du 27 mars et jusqu'au 31 Mars La Marcotte \u00e0 la foire internationale de Rouen rejoignez nous hall 8 stand B05. Nous vous attendons","breadcrumb":{"@id":"https:\/\/lamarcotte.fr\/index.php\/2026\/03\/27\/la-marcotte-a-la-foire-internationale-de-rouen\/#breadcrumb"},"inLanguage":"fr-FR","potentialAction":[{"@type":"ReadAction","target":["https:\/\/lamarcotte.fr\/index.php\/2026\/03\/27\/la-marcotte-a-la-foire-internationale-de-rouen\/"]}]},{"@type":"ImageObject","inLanguage":"fr-FR","@id":"https:\/\/lamarcotte.fr\/index.php\/2026\/03\/27\/la-marcotte-a-la-foire-internationale-de-rouen\/#primaryimage","url":"https:\/\/lamarcotte.fr\/wp-content\/uploads\/2026\/03\/foire-internationale-Facebook.png","contentUrl":"https:\/\/lamarcotte.fr\/wp-content\/uploads\/2026\/03\/foire-internationale-Facebook.png","width":940,"height":788,"caption":"La Marcotte \u00e0 la Foire Internationale de Rouen"},{"@type":"BreadcrumbList","@id":"https:\/\/lamarcotte.fr\/index.php\/2026\/03\/27\/la-marcotte-a-la-foire-internationale-de-rouen\/#breadcrumb","itemListElement":[{"@type":"ListItem","position":1,"name":"Accueil","item":"https:\/\/lamarcotte.fr\/"},{"@type":"ListItem","position":2,"name":"\ud83c\udf89 La Marcotte est pr\u00e9sente \u00e0 la Foire Internationale de Rouen !"}]},{"@type":"WebSite","@id":"https:\/\/lamarcotte.fr\/#website","url":"https:\/\/lamarcotte.fr\/","name":"La Marcotte","description":"La Marcotte : des services pour vous, des emplois pour tous.","publisher":{"@id":"https:\/\/lamarcotte.fr\/#organization"},"potentialAction":[{"@type":"SearchAction","target":{"@type":"EntryPoint","urlTemplate":"https:\/\/lamarcotte.fr\/?s={search_term_string}"},"query-input":{"@type":"PropertyValueSpecification","valueRequired":true,"valueName":"search_term_string"}}],"inLanguage":"fr-FR"},{"@type":"Organization","@id":"https:\/\/lamarcotte.fr\/#organization","name":"La Marcotte","alternateName":"La Marcotte","url":"https:\/\/lamarcotte.fr\/","logo":{"@type":"ImageObject","inLanguage":"fr-FR","@id":"https:\/\/lamarcotte.fr\/#\/schema\/logo\/image\/","url":"https:\/\/lamarcotte.fr\/wp-content\/uploads\/2026\/03\/cropped-cropped-LOGOMARCOTTE.png","contentUrl":"https:\/\/lamarcotte.fr\/wp-content\/uploads\/2026\/03\/cropped-cropped-LOGOMARCOTTE.png","width":453,"height":458,"caption":"La Marcotte"},"image":{"@id":"https:\/\/lamarcotte.fr\/#\/schema\/logo\/image\/"},"sameAs":["https:\/\/www.facebook.com\/profile.php?id=61551602361534&sk","https:\/\/www.instagram.com\/lamarcotte.ebe"]},{"@type":"Person","@id":"https:\/\/lamarcotte.fr\/#\/schema\/person\/fd9117b4ab7881f750bf024cfd8d703b","name":"Isabelle","image":{"@type":"ImageObject","inLanguage":"fr-FR","@id":"https:\/\/secure.gravatar.com\/avatar\/e44deb1ef92925f93ea394884196805bdd12038ac4afb4b5600e41ec1b946551?s=96&d=mm&r=g","url":"https:\/\/secure.gravatar.com\/avatar\/e44deb1ef92925f93ea394884196805bdd12038ac4afb4b5600e41ec1b946551?s=96&d=mm&r=g","contentUrl":"https:\/\/secure.gravatar.com\/avatar\/e44deb1ef92925f93ea394884196805bdd12038ac4afb4b5600e41ec1b946551?s=96&d=mm&r=g","caption":"Isabelle"},"sameAs":["http:\/\/suqltop.cluster121.hosting.ovh.net"],"url":"https:\/\/lamarcotte.fr\/index.php\/author\/admin9981\/"}]}},"_links":{"self":[{"href":"https:\/\/lamarcotte.fr\/index.php\/wp-json\/wp\/v2\/posts\/467","targetHints":{"allow":["GET"]}}],"collection":[{"href":"https:\/\/lamarcotte.fr\/index.php\/wp-json\/wp\/v2\/posts"}],"about":[{"href":"https:\/\/lamarcotte.fr\/index.php\/wp-json\/wp\/v2\/types\/post"}],"author":[{"embeddable":true,"href":"https:\/\/lamarcotte.fr\/index.php\/wp-json\/wp\/v2\/users\/1"}],"replies":[{"embeddable":true,"href":"https:\/\/lamarcotte.fr\/index.php\/wp-json\/wp\/v2\/comments?post=467"}],"version-history":[{"count":3,"href":"https:\/\/lamarcotte.fr\/index.php\/wp-json\/wp\/v2\/posts\/467\/revisions"}],"predecessor-version":[{"id":471,"href":"https:\/\/lamarcotte.fr\/index.php\/wp-json\/wp\/v2\/posts\/467\/revisions\/471"}],"wp:featuredmedia":[{"embeddable":true,"href":"https:\/\/lamarcotte.fr\/index.php\/wp-json\/wp\/v2\/media\/468"}],"wp:attachment":[{"href":"https:\/\/lamarcotte.fr\/index.php\/wp-json\/wp\/v2\/media?parent=467"}],"wp:term":[{"taxonomy":"category","embeddable":true,"href":"https:\/\/lamarcotte.fr\/index.php\/wp-json\/wp\/v2\/categories?post=467"},{"taxonomy":"post_tag","embeddable":true,"href":"https:\/\/lamarcotte.fr\/index.php\/wp-json\/wp\/v2\/tags?post=467"}],"curies":[{"name":"wp","href":"https:\/\/api.w.org\/{rel}","templated":true}]}}