{"id":458,"date":"2026-03-26T15:39:50","date_gmt":"2026-03-26T15:39:50","guid":{"rendered":"https:\/\/lamarcotte.fr\/?p=458"},"modified":"2026-03-26T15:43:55","modified_gmt":"2026-03-26T15:43:55","slug":"soiree-dansante-bonjour-printemps","status":"publish","type":"post","link":"https:\/\/lamarcotte.fr\/index.php\/2026\/03\/26\/soiree-dansante-bonjour-printemps\/","title":{"rendered":"Soir\u00e9e dansante \u00ab\u00a0Bonjour Printemps\u00a0\u00bb"},"content":{"rendered":"<style>.kb-row-layout-id458_7f56c7-1a > .kt-row-column-wrap{align-content:start;}:where(.kb-row-layout-id458_7f56c7-1a > .kt-row-column-wrap) > .wp-block-kadence-column{justify-content:start;}.kb-row-layout-id458_7f56c7-1a > .kt-row-column-wrap{column-gap:var(--global-kb-gap-md, 2rem);row-gap:var(--global-kb-gap-md, 2rem);padding-top:var(--global-kb-spacing-sm, 1.5rem);padding-bottom:var(--global-kb-spacing-sm, 1.5rem);grid-template-columns:minmax(0, 1fr);}.kb-row-layout-id458_7f56c7-1a > .kt-row-layout-overlay{opacity:0.30;}@media all and (max-width: 1024px){.kb-row-layout-id458_7f56c7-1a > .kt-row-column-wrap{grid-template-columns:minmax(0, 1fr);}}@media all and (max-width: 767px){.kb-row-layout-id458_7f56c7-1a > .kt-row-column-wrap{grid-template-columns:minmax(0, 1fr);}}<\/style><div class=\"kb-row-layout-wrap kb-row-layout-id458_7f56c7-1a alignnone wp-block-kadence-rowlayout\"><div class=\"kt-row-column-wrap kt-has-1-columns kt-row-layout-equal kt-tab-layout-inherit kt-mobile-layout-row kt-row-valign-top\">\n<style>.kadence-column458_2fc103-7b > .kt-inside-inner-col,.kadence-column458_2fc103-7b > .kt-inside-inner-col:before{border-top-left-radius:0px;border-top-right-radius:0px;border-bottom-right-radius:0px;border-bottom-left-radius:0px;}.kadence-column458_2fc103-7b > .kt-inside-inner-col{column-gap:var(--global-kb-gap-sm, 1rem);}.kadence-column458_2fc103-7b > .kt-inside-inner-col{flex-direction:column;}.kadence-column458_2fc103-7b > .kt-inside-inner-col > .aligncenter{width:100%;}.kadence-column458_2fc103-7b > .kt-inside-inner-col:before{opacity:0.3;}.kadence-column458_2fc103-7b{position:relative;}@media all and (max-width: 1024px){.kadence-column458_2fc103-7b > .kt-inside-inner-col{flex-direction:column;justify-content:center;}}@media all and (max-width: 767px){.kadence-column458_2fc103-7b > .kt-inside-inner-col{flex-direction:column;justify-content:center;}}<\/style>\n<div class=\"wp-block-kadence-column kadence-column458_2fc103-7b\"><div class=\"kt-inside-inner-col\">\n<h1 class=\"wp-block-heading has-text-align-center has-larger-font-size\">Soir\u00e9e dansante  \u00ab\u00a0Bonjour Printemps\u00a0\u00bb<\/h1>\n\n\n\n<p class=\"has-medium-font-size\">La Marcotte vous donne rendez\u2011vous pour une soir\u00e9e dansante \u00ab\u00a0Bonjour printemps pleine de saveurs et d\u2019ambiance, avec le retour tant attendu de DJ Kuffee pour animer un moment chaleureux et gourmand.<\/p>\n<\/div><\/div>\n\n<\/div><\/div>\n\n\n<p><\/p>\n\n\n<style>.kb-row-layout-id458_155547-9f > .kt-row-column-wrap{align-content:start;}:where(.kb-row-layout-id458_155547-9f > .kt-row-column-wrap) > .wp-block-kadence-column{justify-content:start;}.kb-row-layout-id458_155547-9f > .kt-row-column-wrap{column-gap:var(--global-kb-gap-md, 2rem);row-gap:var(--global-kb-gap-md, 2rem);padding-top:var(--global-kb-spacing-sm, 1.5rem);padding-bottom:var(--global-kb-spacing-sm, 1.5rem);grid-template-columns:minmax(0, 1fr);}.kb-row-layout-id458_155547-9f > .kt-row-layout-overlay{opacity:0.30;}@media all and (max-width: 1024px){.kb-row-layout-id458_155547-9f > .kt-row-column-wrap{grid-template-columns:minmax(0, 1fr);}}@media all and (max-width: 767px){.kb-row-layout-id458_155547-9f > .kt-row-column-wrap{grid-template-columns:minmax(0, 1fr);}}<\/style><div class=\"kb-row-layout-wrap kb-row-layout-id458_155547-9f alignnone wp-block-kadence-rowlayout\"><div class=\"kt-row-column-wrap kt-has-1-columns kt-row-layout-equal kt-tab-layout-inherit kt-mobile-layout-row kt-row-valign-top\">\n<style>.kadence-column458_72aeb0-a1 > .kt-inside-inner-col{border-top:1px solid var(--global-palette10, #3182CE);border-right:1px solid var(--global-palette10, #3182CE);border-bottom:1px solid var(--global-palette10, #3182CE);border-left:1px solid var(--global-palette10, #3182CE);}.kadence-column458_72aeb0-a1 > .kt-inside-inner-col,.kadence-column458_72aeb0-a1 > .kt-inside-inner-col:before{border-top-left-radius:12px;border-top-right-radius:12px;border-bottom-right-radius:12px;border-bottom-left-radius:12px;}.kadence-column458_72aeb0-a1 > .kt-inside-inner-col{column-gap:var(--global-kb-gap-sm, 1rem);}.kadence-column458_72aeb0-a1 > .kt-inside-inner-col{flex-direction:column;}.kadence-column458_72aeb0-a1 > .kt-inside-inner-col > .aligncenter{width:100%;}.kadence-column458_72aeb0-a1 > .kt-inside-inner-col:before{opacity:0.3;}.kadence-column458_72aeb0-a1{position:relative;}@media all and (max-width: 1024px){.kadence-column458_72aeb0-a1 > .kt-inside-inner-col{border-top:1px solid var(--global-palette10, #3182CE);border-right:1px solid var(--global-palette10, #3182CE);border-bottom:1px solid var(--global-palette10, #3182CE);border-left:1px solid var(--global-palette10, #3182CE);flex-direction:column;justify-content:center;}}@media all and (max-width: 767px){.kadence-column458_72aeb0-a1 > .kt-inside-inner-col{border-top:1px solid var(--global-palette10, #3182CE);border-right:1px solid var(--global-palette10, #3182CE);border-bottom:1px solid var(--global-palette10, #3182CE);border-left:1px solid var(--global-palette10, #3182CE);flex-direction:column;justify-content:center;}}<\/style>\n<div class=\"wp-block-kadence-column kadence-column458_72aeb0-a1\"><div class=\"kt-inside-inner-col\">\n<h2 class=\"wp-block-heading has-text-align-center\">Rendez vous le 10 Avril \u00e0 partir de 19h30<\/h2>\n\n\n\n<p style=\"padding-right:var(--wp--preset--spacing--40);padding-left:var(--wp--preset--spacing--40)\">Le printemps arrive \u00e0 La Marcotte et nous sommes ravis de vous proposer une soir\u00e9e gourmande et festive pour c\u00e9l\u00e9brer cette nouvelle saison !<br>Rendez-vous <strong>vendredi 10 avril \u00e0 19h30<\/strong> pour un moment convivial autour d\u2019un menu sp\u00e9cialement imagin\u00e9 pour l\u2019occasion\u2026 et le grand retour de <strong>DJ Kuffee<\/strong>, qui fera vibrer la soir\u00e9e avec une ambiance musicale chaleureuse et entra\u00eenante.<\/p>\n\n\n\n<h3 class=\"wp-block-heading\" style=\"padding-top:var(--wp--preset--spacing--30);padding-right:var(--wp--preset--spacing--40);padding-bottom:var(--wp--preset--spacing--30);padding-left:var(--wp--preset--spacing--40)\">\ud83c\udfb5 Une soir\u00e9e musicale et conviviale<\/h3>\n\n\n\n<p style=\"padding-right:var(--wp--preset--spacing--40);padding-left:var(--wp--preset--spacing--40)\">DJ Kuffee, que beaucoup d\u2019entre vous attendaient, sera de nouveau derri\u00e8re les platines pour accompagner le repas et assurer une atmosph\u00e8re festive tout au long de la soir\u00e9e.<\/p>\n\n\n\n<h3 class=\"wp-block-heading\" style=\"padding-right:var(--wp--preset--spacing--40);padding-left:var(--wp--preset--spacing--40)\">\ud83c\udf7d\ufe0f Au menu<\/h3>\n\n\n\n<p style=\"padding-right:var(--wp--preset--spacing--40);padding-left:var(--wp--preset--spacing--40)\">Un repas complet, frais et de saison, vous sera propos\u00e9 :<\/p>\n\n\n\n<p style=\"padding-right:var(--wp--preset--spacing--40);padding-left:var(--wp--preset--spacing--40)\"><strong>Entr\u00e9e<\/strong><br>\u2022 Saumon en deux fa\u00e7ons, sur son herbe fra\u00eeche<\/p>\n\n\n\n<p style=\"padding-right:var(--wp--preset--spacing--40);padding-left:var(--wp--preset--spacing--40)\"><strong>Plat<\/strong><br>\u2022 Rigatoni \u00e0 la carbonara de printemps<\/p>\n\n\n\n<p style=\"padding-right:var(--wp--preset--spacing--40);padding-left:var(--wp--preset--spacing--40)\"><strong>Dessert<\/strong><br>\u2022 Tarte douceur aux fraises<br><strong>ou<\/strong><br>\u2022 Millefeuille en p\u00e2te bris\u00e9e l\u00e9g\u00e8re pralin\u00e9e<\/p>\n\n\n\n<p style=\"padding-right:var(--wp--preset--spacing--40);padding-left:var(--wp--preset--spacing--40)\"><strong>Prix : 30 \u20ac<\/strong><\/p>\n\n\n\n<h3 class=\"wp-block-heading\" style=\"padding-right:var(--wp--preset--spacing--40);padding-left:var(--wp--preset--spacing--40)\">\ud83d\udcde R\u00e9servation obligatoire<\/h3>\n\n\n\n<p style=\"padding-right:var(--wp--preset--spacing--40);padding-left:var(--wp--preset--spacing--40)\">La soir\u00e9e se fait <strong>sur r\u00e9servation<\/strong> au :<br><strong>06.66.94.01.52<\/strong><\/p>\n<\/div><\/div>\n\n<\/div><\/div>\n\n<style>.kb-row-layout-id458_dc6cc8-c8 > .kt-row-column-wrap{align-content:start;}:where(.kb-row-layout-id458_dc6cc8-c8 > .kt-row-column-wrap) > .wp-block-kadence-column{justify-content:start;}.kb-row-layout-id458_dc6cc8-c8 > .kt-row-column-wrap{column-gap:var(--global-kb-gap-md, 2rem);row-gap:var(--global-kb-gap-md, 2rem);padding-top:var(--global-kb-spacing-sm, 1.5rem);padding-bottom:var(--global-kb-spacing-sm, 1.5rem);grid-template-columns:minmax(0, 1fr);}.kb-row-layout-id458_dc6cc8-c8 > .kt-row-layout-overlay{opacity:0.30;}@media all and (max-width: 1024px){.kb-row-layout-id458_dc6cc8-c8 > .kt-row-column-wrap{grid-template-columns:minmax(0, 1fr);}}@media all and (max-width: 767px){.kb-row-layout-id458_dc6cc8-c8 > .kt-row-column-wrap{grid-template-columns:minmax(0, 1fr);}}<\/style><div class=\"kb-row-layout-wrap kb-row-layout-id458_dc6cc8-c8 alignnone wp-block-kadence-rowlayout\"><div class=\"kt-row-column-wrap kt-has-1-columns kt-row-layout-equal kt-tab-layout-inherit kt-mobile-layout-row kt-row-valign-top\">\n<style>.kadence-column458_9ad02e-34 > .kt-inside-inner-col,.kadence-column458_9ad02e-34 > .kt-inside-inner-col:before{border-top-left-radius:0px;border-top-right-radius:0px;border-bottom-right-radius:0px;border-bottom-left-radius:0px;}.kadence-column458_9ad02e-34 > .kt-inside-inner-col{column-gap:var(--global-kb-gap-sm, 1rem);}.kadence-column458_9ad02e-34 > .kt-inside-inner-col{flex-direction:column;}.kadence-column458_9ad02e-34 > .kt-inside-inner-col > .aligncenter{width:100%;}.kadence-column458_9ad02e-34 > .kt-inside-inner-col:before{opacity:0.3;}.kadence-column458_9ad02e-34{position:relative;}@media all and (max-width: 1024px){.kadence-column458_9ad02e-34 > .kt-inside-inner-col{flex-direction:column;justify-content:center;}}@media all and (max-width: 767px){.kadence-column458_9ad02e-34 > .kt-inside-inner-col{flex-direction:column;justify-content:center;}}<\/style>\n<div class=\"wp-block-kadence-column kadence-column458_9ad02e-34\"><div class=\"kt-inside-inner-col\">\n<figure class=\"wp-block-image size-full\"><a href=\"https:\/\/www.facebook.com\/profile.php?id=61551602361534&amp;sk\" target=\"_blank\" rel=\" noreferrer noopener\"><img loading=\"lazy\" decoding=\"async\" width=\"940\" height=\"788\" src=\"https:\/\/lamarcotte.fr\/wp-content\/uploads\/2026\/03\/Soiree-printemps-Facebook.png\" alt=\"Soir\u00e9e dansante &quot;Bonjour printemps&quot; vendredi 10 Avril \u00e0 partir de 19h30. Repas et animation 30\u20ac par personne\" class=\"wp-image-459\" srcset=\"https:\/\/lamarcotte.fr\/wp-content\/uploads\/2026\/03\/Soiree-printemps-Facebook.png 940w, https:\/\/lamarcotte.fr\/wp-content\/uploads\/2026\/03\/Soiree-printemps-Facebook-300x251.png 300w, https:\/\/lamarcotte.fr\/wp-content\/uploads\/2026\/03\/Soiree-printemps-Facebook-768x644.png 768w\" sizes=\"auto, (max-width: 940px) 100vw, 940px\" \/><\/a><\/figure>\n<\/div><\/div>\n\n<\/div><\/div>","protected":false},"excerpt":{"rendered":"<p>Soir\u00e9e dansante \u00ab\u00a0Bonjour Printemps\u00a0\u00bb La Marcotte vous donne rendez\u2011vous pour une soir\u00e9e dansante \u00ab\u00a0Bonjour printemps pleine de saveurs et d\u2019ambiance, avec le retour tant attendu de DJ Kuffee pour animer un moment chaleureux et gourmand. Rendez vous le 10 Avril \u00e0 partir de 19h30 Le printemps arrive \u00e0 La Marcotte et nous sommes ravis de&#8230;<\/p>\n","protected":false},"author":1,"featured_media":459,"comment_status":"open","ping_status":"open","sticky":false,"template":"","format":"standard","meta":{"_kadence_starter_templates_imported_post":false,"_kad_post_transparent":"","_kad_post_title":"hide","_kad_post_layout":"","_kad_post_sidebar_id":"","_kad_post_content_style":"","_kad_post_vertical_padding":"","_kad_post_feature":"","_kad_post_feature_position":"","_kad_post_header":false,"_kad_post_footer":false,"_kad_post_classname":"","footnotes":""},"categories":[7],"tags":[],"class_list":["post-458","post","type-post","status-publish","format-standard","has-post-thumbnail","hentry","category-nos-evenements"],"yoast_head":"<!-- This site is optimized with the Yoast SEO plugin v27.4 - https:\/\/yoast.com\/product\/yoast-seo-wordpress\/ -->\n<title>Soir\u00e9e dansante &quot;bonjour printemps<\/title>\n<meta name=\"description\" content=\"Participez \u00e0 la soir\u00e9e dansante &quot;bonjour printemps&quot; \u00e0 La Marcotte : menu de saison, ambiance festive et retour de DJ Kuffee.\" \/>\n<meta name=\"robots\" content=\"index, follow, max-snippet:-1, max-image-preview:large, max-video-preview:-1\" \/>\n<link rel=\"canonical\" href=\"https:\/\/lamarcotte.fr\/index.php\/2026\/03\/26\/soiree-dansante-bonjour-printemps\/\" \/>\n<meta property=\"og:locale\" content=\"fr_FR\" \/>\n<meta property=\"og:type\" content=\"article\" \/>\n<meta property=\"og:title\" content=\"Soir\u00e9e dansante &quot;bonjour printemps\" \/>\n<meta property=\"og:description\" content=\"Participez \u00e0 la soir\u00e9e dansante &quot;bonjour printemps&quot; \u00e0 La Marcotte : menu de saison, ambiance festive et retour de DJ Kuffee.\" \/>\n<meta property=\"og:url\" content=\"https:\/\/lamarcotte.fr\/index.php\/2026\/03\/26\/soiree-dansante-bonjour-printemps\/\" \/>\n<meta property=\"og:site_name\" content=\"La Marcotte\" \/>\n<meta property=\"article:publisher\" content=\"https:\/\/www.facebook.com\/profile.php?id=61551602361534&amp;sk\" \/>\n<meta property=\"article:published_time\" content=\"2026-03-26T15:39:50+00:00\" \/>\n<meta property=\"article:modified_time\" content=\"2026-03-26T15:43:55+00:00\" \/>\n<meta property=\"og:image\" content=\"https:\/\/lamarcotte.fr\/wp-content\/uploads\/2026\/03\/Soiree-printemps-Facebook.png\" \/>\n\t<meta property=\"og:image:width\" content=\"940\" \/>\n\t<meta property=\"og:image:height\" content=\"788\" \/>\n\t<meta property=\"og:image:type\" content=\"image\/png\" \/>\n<meta name=\"author\" content=\"Isabelle\" \/>\n<meta name=\"twitter:card\" content=\"summary_large_image\" \/>\n<meta name=\"twitter:label1\" content=\"\u00c9crit par\" \/>\n\t<meta name=\"twitter:data1\" content=\"Isabelle\" \/>\n\t<meta name=\"twitter:label2\" content=\"Dur\u00e9e de lecture estim\u00e9e\" \/>\n\t<meta name=\"twitter:data2\" content=\"2 minutes\" \/>\n<script type=\"application\/ld+json\" class=\"yoast-schema-graph\">{\"@context\":\"https:\\\/\\\/schema.org\",\"@graph\":[{\"@type\":\"Article\",\"@id\":\"https:\\\/\\\/lamarcotte.fr\\\/index.php\\\/2026\\\/03\\\/26\\\/soiree-dansante-bonjour-printemps\\\/#article\",\"isPartOf\":{\"@id\":\"https:\\\/\\\/lamarcotte.fr\\\/index.php\\\/2026\\\/03\\\/26\\\/soiree-dansante-bonjour-printemps\\\/\"},\"author\":{\"name\":\"Isabelle\",\"@id\":\"https:\\\/\\\/lamarcotte.fr\\\/#\\\/schema\\\/person\\\/fd9117b4ab7881f750bf024cfd8d703b\"},\"headline\":\"Soir\u00e9e dansante \u00ab\u00a0Bonjour Printemps\u00a0\u00bb\",\"datePublished\":\"2026-03-26T15:39:50+00:00\",\"dateModified\":\"2026-03-26T15:43:55+00:00\",\"mainEntityOfPage\":{\"@id\":\"https:\\\/\\\/lamarcotte.fr\\\/index.php\\\/2026\\\/03\\\/26\\\/soiree-dansante-bonjour-printemps\\\/\"},\"wordCount\":213,\"commentCount\":0,\"publisher\":{\"@id\":\"https:\\\/\\\/lamarcotte.fr\\\/#organization\"},\"image\":{\"@id\":\"https:\\\/\\\/lamarcotte.fr\\\/index.php\\\/2026\\\/03\\\/26\\\/soiree-dansante-bonjour-printemps\\\/#primaryimage\"},\"thumbnailUrl\":\"https:\\\/\\\/lamarcotte.fr\\\/wp-content\\\/uploads\\\/2026\\\/03\\\/Soiree-printemps-Facebook.png\",\"articleSection\":[\"Nos \u00e9v\u00e9nements\"],\"inLanguage\":\"fr-FR\",\"potentialAction\":[{\"@type\":\"CommentAction\",\"name\":\"Comment\",\"target\":[\"https:\\\/\\\/lamarcotte.fr\\\/index.php\\\/2026\\\/03\\\/26\\\/soiree-dansante-bonjour-printemps\\\/#respond\"]}]},{\"@type\":\"WebPage\",\"@id\":\"https:\\\/\\\/lamarcotte.fr\\\/index.php\\\/2026\\\/03\\\/26\\\/soiree-dansante-bonjour-printemps\\\/\",\"url\":\"https:\\\/\\\/lamarcotte.fr\\\/index.php\\\/2026\\\/03\\\/26\\\/soiree-dansante-bonjour-printemps\\\/\",\"name\":\"Soir\u00e9e dansante \\\"bonjour printemps\",\"isPartOf\":{\"@id\":\"https:\\\/\\\/lamarcotte.fr\\\/#website\"},\"primaryImageOfPage\":{\"@id\":\"https:\\\/\\\/lamarcotte.fr\\\/index.php\\\/2026\\\/03\\\/26\\\/soiree-dansante-bonjour-printemps\\\/#primaryimage\"},\"image\":{\"@id\":\"https:\\\/\\\/lamarcotte.fr\\\/index.php\\\/2026\\\/03\\\/26\\\/soiree-dansante-bonjour-printemps\\\/#primaryimage\"},\"thumbnailUrl\":\"https:\\\/\\\/lamarcotte.fr\\\/wp-content\\\/uploads\\\/2026\\\/03\\\/Soiree-printemps-Facebook.png\",\"datePublished\":\"2026-03-26T15:39:50+00:00\",\"dateModified\":\"2026-03-26T15:43:55+00:00\",\"description\":\"Participez \u00e0 la soir\u00e9e dansante \\\"bonjour printemps\\\" \u00e0 La Marcotte : menu de saison, ambiance festive et retour de DJ Kuffee.\",\"breadcrumb\":{\"@id\":\"https:\\\/\\\/lamarcotte.fr\\\/index.php\\\/2026\\\/03\\\/26\\\/soiree-dansante-bonjour-printemps\\\/#breadcrumb\"},\"inLanguage\":\"fr-FR\",\"potentialAction\":[{\"@type\":\"ReadAction\",\"target\":[\"https:\\\/\\\/lamarcotte.fr\\\/index.php\\\/2026\\\/03\\\/26\\\/soiree-dansante-bonjour-printemps\\\/\"]}]},{\"@type\":\"ImageObject\",\"inLanguage\":\"fr-FR\",\"@id\":\"https:\\\/\\\/lamarcotte.fr\\\/index.php\\\/2026\\\/03\\\/26\\\/soiree-dansante-bonjour-printemps\\\/#primaryimage\",\"url\":\"https:\\\/\\\/lamarcotte.fr\\\/wp-content\\\/uploads\\\/2026\\\/03\\\/Soiree-printemps-Facebook.png\",\"contentUrl\":\"https:\\\/\\\/lamarcotte.fr\\\/wp-content\\\/uploads\\\/2026\\\/03\\\/Soiree-printemps-Facebook.png\",\"width\":940,\"height\":788,\"caption\":\"Soir\u00e9e dansante bonjour printemps\"},{\"@type\":\"BreadcrumbList\",\"@id\":\"https:\\\/\\\/lamarcotte.fr\\\/index.php\\\/2026\\\/03\\\/26\\\/soiree-dansante-bonjour-printemps\\\/#breadcrumb\",\"itemListElement\":[{\"@type\":\"ListItem\",\"position\":1,\"name\":\"Accueil\",\"item\":\"https:\\\/\\\/lamarcotte.fr\\\/\"},{\"@type\":\"ListItem\",\"position\":2,\"name\":\"Soir\u00e9e dansante \u00ab\u00a0Bonjour Printemps\u00a0\u00bb\"}]},{\"@type\":\"WebSite\",\"@id\":\"https:\\\/\\\/lamarcotte.fr\\\/#website\",\"url\":\"https:\\\/\\\/lamarcotte.fr\\\/\",\"name\":\"La Marcotte\",\"description\":\"La Marcotte : des services pour vous, des emplois pour tous.\",\"publisher\":{\"@id\":\"https:\\\/\\\/lamarcotte.fr\\\/#organization\"},\"potentialAction\":[{\"@type\":\"SearchAction\",\"target\":{\"@type\":\"EntryPoint\",\"urlTemplate\":\"https:\\\/\\\/lamarcotte.fr\\\/?s={search_term_string}\"},\"query-input\":{\"@type\":\"PropertyValueSpecification\",\"valueRequired\":true,\"valueName\":\"search_term_string\"}}],\"inLanguage\":\"fr-FR\"},{\"@type\":\"Organization\",\"@id\":\"https:\\\/\\\/lamarcotte.fr\\\/#organization\",\"name\":\"La Marcotte\",\"alternateName\":\"La Marcotte\",\"url\":\"https:\\\/\\\/lamarcotte.fr\\\/\",\"logo\":{\"@type\":\"ImageObject\",\"inLanguage\":\"fr-FR\",\"@id\":\"https:\\\/\\\/lamarcotte.fr\\\/#\\\/schema\\\/logo\\\/image\\\/\",\"url\":\"https:\\\/\\\/lamarcotte.fr\\\/wp-content\\\/uploads\\\/2026\\\/03\\\/cropped-cropped-LOGOMARCOTTE.png\",\"contentUrl\":\"https:\\\/\\\/lamarcotte.fr\\\/wp-content\\\/uploads\\\/2026\\\/03\\\/cropped-cropped-LOGOMARCOTTE.png\",\"width\":453,\"height\":458,\"caption\":\"La Marcotte\"},\"image\":{\"@id\":\"https:\\\/\\\/lamarcotte.fr\\\/#\\\/schema\\\/logo\\\/image\\\/\"},\"sameAs\":[\"https:\\\/\\\/www.facebook.com\\\/profile.php?id=61551602361534&sk\",\"https:\\\/\\\/www.instagram.com\\\/lamarcotte.ebe\"]},{\"@type\":\"Person\",\"@id\":\"https:\\\/\\\/lamarcotte.fr\\\/#\\\/schema\\\/person\\\/fd9117b4ab7881f750bf024cfd8d703b\",\"name\":\"Isabelle\",\"image\":{\"@type\":\"ImageObject\",\"inLanguage\":\"fr-FR\",\"@id\":\"https:\\\/\\\/secure.gravatar.com\\\/avatar\\\/e44deb1ef92925f93ea394884196805bdd12038ac4afb4b5600e41ec1b946551?s=96&d=mm&r=g\",\"url\":\"https:\\\/\\\/secure.gravatar.com\\\/avatar\\\/e44deb1ef92925f93ea394884196805bdd12038ac4afb4b5600e41ec1b946551?s=96&d=mm&r=g\",\"contentUrl\":\"https:\\\/\\\/secure.gravatar.com\\\/avatar\\\/e44deb1ef92925f93ea394884196805bdd12038ac4afb4b5600e41ec1b946551?s=96&d=mm&r=g\",\"caption\":\"Isabelle\"},\"sameAs\":[\"http:\\\/\\\/suqltop.cluster121.hosting.ovh.net\"],\"url\":\"https:\\\/\\\/lamarcotte.fr\\\/index.php\\\/author\\\/admin9981\\\/\"}]}<\/script>\n<!-- \/ Yoast SEO plugin. -->","yoast_head_json":{"title":"Soir\u00e9e dansante \"bonjour printemps","description":"Participez \u00e0 la soir\u00e9e dansante \"bonjour printemps\" \u00e0 La Marcotte : menu de saison, ambiance festive et retour de DJ Kuffee.","robots":{"index":"index","follow":"follow","max-snippet":"max-snippet:-1","max-image-preview":"max-image-preview:large","max-video-preview":"max-video-preview:-1"},"canonical":"https:\/\/lamarcotte.fr\/index.php\/2026\/03\/26\/soiree-dansante-bonjour-printemps\/","og_locale":"fr_FR","og_type":"article","og_title":"Soir\u00e9e dansante \"bonjour printemps","og_description":"Participez \u00e0 la soir\u00e9e dansante \"bonjour printemps\" \u00e0 La Marcotte : menu de saison, ambiance festive et retour de DJ Kuffee.","og_url":"https:\/\/lamarcotte.fr\/index.php\/2026\/03\/26\/soiree-dansante-bonjour-printemps\/","og_site_name":"La Marcotte","article_publisher":"https:\/\/www.facebook.com\/profile.php?id=61551602361534&sk","article_published_time":"2026-03-26T15:39:50+00:00","article_modified_time":"2026-03-26T15:43:55+00:00","og_image":[{"width":940,"height":788,"url":"https:\/\/lamarcotte.fr\/wp-content\/uploads\/2026\/03\/Soiree-printemps-Facebook.png","type":"image\/png"}],"author":"Isabelle","twitter_card":"summary_large_image","twitter_misc":{"\u00c9crit par":"Isabelle","Dur\u00e9e de lecture estim\u00e9e":"2 minutes"},"schema":{"@context":"https:\/\/schema.org","@graph":[{"@type":"Article","@id":"https:\/\/lamarcotte.fr\/index.php\/2026\/03\/26\/soiree-dansante-bonjour-printemps\/#article","isPartOf":{"@id":"https:\/\/lamarcotte.fr\/index.php\/2026\/03\/26\/soiree-dansante-bonjour-printemps\/"},"author":{"name":"Isabelle","@id":"https:\/\/lamarcotte.fr\/#\/schema\/person\/fd9117b4ab7881f750bf024cfd8d703b"},"headline":"Soir\u00e9e dansante \u00ab\u00a0Bonjour Printemps\u00a0\u00bb","datePublished":"2026-03-26T15:39:50+00:00","dateModified":"2026-03-26T15:43:55+00:00","mainEntityOfPage":{"@id":"https:\/\/lamarcotte.fr\/index.php\/2026\/03\/26\/soiree-dansante-bonjour-printemps\/"},"wordCount":213,"commentCount":0,"publisher":{"@id":"https:\/\/lamarcotte.fr\/#organization"},"image":{"@id":"https:\/\/lamarcotte.fr\/index.php\/2026\/03\/26\/soiree-dansante-bonjour-printemps\/#primaryimage"},"thumbnailUrl":"https:\/\/lamarcotte.fr\/wp-content\/uploads\/2026\/03\/Soiree-printemps-Facebook.png","articleSection":["Nos \u00e9v\u00e9nements"],"inLanguage":"fr-FR","potentialAction":[{"@type":"CommentAction","name":"Comment","target":["https:\/\/lamarcotte.fr\/index.php\/2026\/03\/26\/soiree-dansante-bonjour-printemps\/#respond"]}]},{"@type":"WebPage","@id":"https:\/\/lamarcotte.fr\/index.php\/2026\/03\/26\/soiree-dansante-bonjour-printemps\/","url":"https:\/\/lamarcotte.fr\/index.php\/2026\/03\/26\/soiree-dansante-bonjour-printemps\/","name":"Soir\u00e9e dansante \"bonjour printemps","isPartOf":{"@id":"https:\/\/lamarcotte.fr\/#website"},"primaryImageOfPage":{"@id":"https:\/\/lamarcotte.fr\/index.php\/2026\/03\/26\/soiree-dansante-bonjour-printemps\/#primaryimage"},"image":{"@id":"https:\/\/lamarcotte.fr\/index.php\/2026\/03\/26\/soiree-dansante-bonjour-printemps\/#primaryimage"},"thumbnailUrl":"https:\/\/lamarcotte.fr\/wp-content\/uploads\/2026\/03\/Soiree-printemps-Facebook.png","datePublished":"2026-03-26T15:39:50+00:00","dateModified":"2026-03-26T15:43:55+00:00","description":"Participez \u00e0 la soir\u00e9e dansante \"bonjour printemps\" \u00e0 La Marcotte : menu de saison, ambiance festive et retour de DJ Kuffee.","breadcrumb":{"@id":"https:\/\/lamarcotte.fr\/index.php\/2026\/03\/26\/soiree-dansante-bonjour-printemps\/#breadcrumb"},"inLanguage":"fr-FR","potentialAction":[{"@type":"ReadAction","target":["https:\/\/lamarcotte.fr\/index.php\/2026\/03\/26\/soiree-dansante-bonjour-printemps\/"]}]},{"@type":"ImageObject","inLanguage":"fr-FR","@id":"https:\/\/lamarcotte.fr\/index.php\/2026\/03\/26\/soiree-dansante-bonjour-printemps\/#primaryimage","url":"https:\/\/lamarcotte.fr\/wp-content\/uploads\/2026\/03\/Soiree-printemps-Facebook.png","contentUrl":"https:\/\/lamarcotte.fr\/wp-content\/uploads\/2026\/03\/Soiree-printemps-Facebook.png","width":940,"height":788,"caption":"Soir\u00e9e dansante bonjour printemps"},{"@type":"BreadcrumbList","@id":"https:\/\/lamarcotte.fr\/index.php\/2026\/03\/26\/soiree-dansante-bonjour-printemps\/#breadcrumb","itemListElement":[{"@type":"ListItem","position":1,"name":"Accueil","item":"https:\/\/lamarcotte.fr\/"},{"@type":"ListItem","position":2,"name":"Soir\u00e9e dansante \u00ab\u00a0Bonjour Printemps\u00a0\u00bb"}]},{"@type":"WebSite","@id":"https:\/\/lamarcotte.fr\/#website","url":"https:\/\/lamarcotte.fr\/","name":"La Marcotte","description":"La Marcotte : des services pour vous, des emplois pour tous.","publisher":{"@id":"https:\/\/lamarcotte.fr\/#organization"},"potentialAction":[{"@type":"SearchAction","target":{"@type":"EntryPoint","urlTemplate":"https:\/\/lamarcotte.fr\/?s={search_term_string}"},"query-input":{"@type":"PropertyValueSpecification","valueRequired":true,"valueName":"search_term_string"}}],"inLanguage":"fr-FR"},{"@type":"Organization","@id":"https:\/\/lamarcotte.fr\/#organization","name":"La Marcotte","alternateName":"La Marcotte","url":"https:\/\/lamarcotte.fr\/","logo":{"@type":"ImageObject","inLanguage":"fr-FR","@id":"https:\/\/lamarcotte.fr\/#\/schema\/logo\/image\/","url":"https:\/\/lamarcotte.fr\/wp-content\/uploads\/2026\/03\/cropped-cropped-LOGOMARCOTTE.png","contentUrl":"https:\/\/lamarcotte.fr\/wp-content\/uploads\/2026\/03\/cropped-cropped-LOGOMARCOTTE.png","width":453,"height":458,"caption":"La Marcotte"},"image":{"@id":"https:\/\/lamarcotte.fr\/#\/schema\/logo\/image\/"},"sameAs":["https:\/\/www.facebook.com\/profile.php?id=61551602361534&sk","https:\/\/www.instagram.com\/lamarcotte.ebe"]},{"@type":"Person","@id":"https:\/\/lamarcotte.fr\/#\/schema\/person\/fd9117b4ab7881f750bf024cfd8d703b","name":"Isabelle","image":{"@type":"ImageObject","inLanguage":"fr-FR","@id":"https:\/\/secure.gravatar.com\/avatar\/e44deb1ef92925f93ea394884196805bdd12038ac4afb4b5600e41ec1b946551?s=96&d=mm&r=g","url":"https:\/\/secure.gravatar.com\/avatar\/e44deb1ef92925f93ea394884196805bdd12038ac4afb4b5600e41ec1b946551?s=96&d=mm&r=g","contentUrl":"https:\/\/secure.gravatar.com\/avatar\/e44deb1ef92925f93ea394884196805bdd12038ac4afb4b5600e41ec1b946551?s=96&d=mm&r=g","caption":"Isabelle"},"sameAs":["http:\/\/suqltop.cluster121.hosting.ovh.net"],"url":"https:\/\/lamarcotte.fr\/index.php\/author\/admin9981\/"}]}},"_links":{"self":[{"href":"https:\/\/lamarcotte.fr\/index.php\/wp-json\/wp\/v2\/posts\/458","targetHints":{"allow":["GET"]}}],"collection":[{"href":"https:\/\/lamarcotte.fr\/index.php\/wp-json\/wp\/v2\/posts"}],"about":[{"href":"https:\/\/lamarcotte.fr\/index.php\/wp-json\/wp\/v2\/types\/post"}],"author":[{"embeddable":true,"href":"https:\/\/lamarcotte.fr\/index.php\/wp-json\/wp\/v2\/users\/1"}],"replies":[{"embeddable":true,"href":"https:\/\/lamarcotte.fr\/index.php\/wp-json\/wp\/v2\/comments?post=458"}],"version-history":[{"count":1,"href":"https:\/\/lamarcotte.fr\/index.php\/wp-json\/wp\/v2\/posts\/458\/revisions"}],"predecessor-version":[{"id":460,"href":"https:\/\/lamarcotte.fr\/index.php\/wp-json\/wp\/v2\/posts\/458\/revisions\/460"}],"wp:featuredmedia":[{"embeddable":true,"href":"https:\/\/lamarcotte.fr\/index.php\/wp-json\/wp\/v2\/media\/459"}],"wp:attachment":[{"href":"https:\/\/lamarcotte.fr\/index.php\/wp-json\/wp\/v2\/media?parent=458"}],"wp:term":[{"taxonomy":"category","embeddable":true,"href":"https:\/\/lamarcotte.fr\/index.php\/wp-json\/wp\/v2\/categories?post=458"},{"taxonomy":"post_tag","embeddable":true,"href":"https:\/\/lamarcotte.fr\/index.php\/wp-json\/wp\/v2\/tags?post=458"}],"curies":[{"name":"wp","href":"https:\/\/api.w.org\/{rel}","templated":true}]}}